{"id":6249,"date":"2023-01-15T18:25:06","date_gmt":"2023-01-15T17:25:06","guid":{"rendered":"https:\/\/mommertz.health\/2023\/01\/15\/buccal-fat-removal\/"},"modified":"2023-01-15T19:16:37","modified_gmt":"2023-01-15T18:16:37","slug":"buccal-fat-removal","status":"publish","type":"post","link":"https:\/\/mommertz.health\/es\/2023\/01\/15\/buccal-fat-removal\/","title":{"rendered":"Buccal Fat Removal"},"content":{"rendered":"\n<h2 class=\"wp-block-heading\">\u00bfQu\u00e9 es Buccal Fat Removal?<\/h2>\n\n<p>La extracci\u00f3n de grasa bucal es un procedimiento cosm\u00e9tico,<br\/>que puede ayudar a reducir la apariencia de las mejillas regordetas. Se trata de<br\/>el exceso de grasa se elimina de la zona de los p\u00f3mulos, que se encuentra en la parte inferior de la mejilla y<br\/>cerca de la l\u00ednea de la mand\u00edbula. Este procedimiento puede ayudar a las personas con caras m\u00e1s redondeadas<br\/>a conseguir un perfil facial m\u00e1s esbelto y definido. La extracci\u00f3n de grasa bucal suele durar aproximadamente una hora<br\/>y se realiza con anestesia local. Durante este tiempo, su m\u00e9dico<br\/>realiza peque\u00f1as incisiones en la boca o la cara, cerca de las comisuras de los labios, e inserta unos<br\/>instrumentos para eliminar el tejido graso del interior de las mejillas. El resultado suele ser<br\/>visibles inmediatamente despu\u00e9s de la intervenci\u00f3n, aunque puede tener hinchaz\u00f3n y<br\/>ligeros hematomas durante unos d\u00edas. <\/p>\n\n<h2 class=\"wp-block-heading\">Objetivos de la Buccal Fat Removal<\/h2>\n\n<p>La eliminaci\u00f3n de la grasa de las mejillas no s\u00f3lo puede contribuir a adelgazar,<br\/>perfil facial definido, sino que tambi\u00e9n puede reducir el aspecto de la papada<br\/>y el doble ment\u00f3n. Tambi\u00e9n puede realizarse en combinaci\u00f3n con otros procedimientos como el lifting facial o el<br\/>lifting de cuello para conseguir un aspecto general m\u00e1s joven. Si<br\/>est\u00e1 pensando en someterse a esta intervenci\u00f3n, es importante que hable de los posibles riesgos<br\/>con su m\u00e9dico. Entre ellos figuran la infecci\u00f3n, las cicatrices o la distribuci\u00f3n desigual de la grasa<br\/>en las mejillas tras la intervenci\u00f3n. Tambi\u00e9n debes ser consciente,<br\/>que aunque los resultados suelen ser permanentes, puede que no duren para siempre<br\/>y si se desea, pueden ser necesarios m\u00e1s tratamientos a lo largo del tiempo. La Buccal Fat Removal puede ser una forma eficaz<br\/>de reducir la apariencia de mejillas regordetas y<br\/>crear un perfil facial m\u00e1s torneado. Sin embargo, es importante que hagamos hincapi\u00e9 en ello,<br\/>que comprenda perfectamente los posibles riesgos y los comente con su m\u00e9dico<br\/>antes de tomar una decisi\u00f3n.<\/p>\n\n<p><br\/>Le invitamos a concertar <a href=\"http:\/\/mommertz.health\/kontakt\">una cita<\/a> para una consulta en nuestra consulta, donde estaremos<br\/>encantados de proporcionarle informaci\u00f3n m\u00e1s detallada sobre el procedimiento.<\/p>\n","protected":false},"excerpt":{"rendered":"<p>\u00bfQu\u00e9 es Buccal Fat Removal? La extracci\u00f3n de grasa bucal es un procedimiento cosm\u00e9tico,que puede ayudar a reducir la apariencia de las mejillas regordetas. Se trata deel exceso de grasa se elimina de la zona de los p\u00f3mulos, que se encuentra en la parte inferior&#8230;<\/p>\n","protected":false},"author":2,"featured_media":0,"comment_status":"open","ping_status":"open","sticky":false,"template":"","format":"standard","meta":{"_jetpack_memberships_contains_paid_content":false,"footnotes":""},"categories":[256,257,258],"tags":[],"class_list":["post-6249","post","type-post","status-publish","format-standard","hentry","category-aesthetik-es","category-centro-medico-san-sebastian-conil-es","category-news-von-dr-mommertz-es"],"yoast_head":"<!-- This site is optimized with the Yoast SEO plugin v25.6 - https:\/\/yoast.com\/wordpress\/plugins\/seo\/ -->\n<title>Buccal Fat Removal - Dr. Mommertz Health | Conil de la Frontera<\/title>\n<meta name=\"description\" content=\"Buccal fat removal es un procedimiento m\u00e9dico est\u00e9tico dise\u00f1ado para ayudar a adelgazar y rejuvenecer el rostro.\" \/>\n<meta name=\"robots\" content=\"index, follow, max-snippet:-1, max-image-preview:large, max-video-preview:-1\" \/>\n<link rel=\"canonical\" href=\"https:\/\/mommertz.health\/es\/2023\/01\/15\/buccal-fat-removal\/\" \/>\n<meta property=\"og:locale\" content=\"es_ES\" \/>\n<meta property=\"og:type\" content=\"article\" \/>\n<meta property=\"og:title\" content=\"Buccal Fat Removal - Dr. Mommertz Health | Conil de la Frontera\" \/>\n<meta property=\"og:description\" content=\"Buccal fat removal es un procedimiento m\u00e9dico est\u00e9tico dise\u00f1ado para ayudar a adelgazar y rejuvenecer el rostro.\" \/>\n<meta property=\"og:url\" content=\"https:\/\/mommertz.health\/es\/2023\/01\/15\/buccal-fat-removal\/\" \/>\n<meta property=\"og:site_name\" content=\"Mommertz Health - Gesund und sch\u00f6n an der Costa de la Luz\" \/>\n<meta property=\"article:publisher\" content=\"https:\/\/www.facebook.com\/profile.php?id=100088873442215\" \/>\n<meta property=\"article:published_time\" content=\"2023-01-15T17:25:06+00:00\" \/>\n<meta property=\"article:modified_time\" content=\"2023-01-15T18:16:37+00:00\" \/>\n<meta name=\"author\" content=\"Gottfried Mommertz\" \/>\n<meta name=\"twitter:card\" content=\"summary_large_image\" \/>\n<meta name=\"twitter:label1\" content=\"Escrito por\" \/>\n\t<meta name=\"twitter:data1\" content=\"Gottfried Mommertz\" \/>\n\t<meta name=\"twitter:label2\" content=\"Tiempo de lectura\" \/>\n\t<meta name=\"twitter:data2\" content=\"2 minutos\" \/>\n<script type=\"application\/ld+json\" class=\"yoast-schema-graph\">{\"@context\":\"https:\/\/schema.org\",\"@graph\":[{\"@type\":\"Article\",\"@id\":\"https:\/\/mommertz.health\/es\/2023\/01\/15\/buccal-fat-removal\/#article\",\"isPartOf\":{\"@id\":\"https:\/\/mommertz.health\/es\/2023\/01\/15\/buccal-fat-removal\/\"},\"author\":{\"name\":\"Gottfried Mommertz\",\"@id\":\"https:\/\/mommertz.health\/es\/#\/schema\/person\/ff1f1f10f5a721bf3b04d67f9e7dadd8\"},\"headline\":\"Buccal Fat Removal\",\"datePublished\":\"2023-01-15T17:25:06+00:00\",\"dateModified\":\"2023-01-15T18:16:37+00:00\",\"mainEntityOfPage\":{\"@id\":\"https:\/\/mommertz.health\/es\/2023\/01\/15\/buccal-fat-removal\/\"},\"wordCount\":370,\"commentCount\":0,\"publisher\":{\"@id\":\"https:\/\/mommertz.health\/es\/#organization\"},\"articleSection\":[\"\u00c4sthetik\",\"Centro Medico San Sebastian Conil\",\"News von Dr. Mommertz\"],\"inLanguage\":\"es\",\"potentialAction\":[{\"@type\":\"CommentAction\",\"name\":\"Comment\",\"target\":[\"https:\/\/mommertz.health\/es\/2023\/01\/15\/buccal-fat-removal\/#respond\"]}]},{\"@type\":\"WebPage\",\"@id\":\"https:\/\/mommertz.health\/es\/2023\/01\/15\/buccal-fat-removal\/\",\"url\":\"https:\/\/mommertz.health\/es\/2023\/01\/15\/buccal-fat-removal\/\",\"name\":\"Buccal Fat Removal - Dr. Mommertz Health | Conil de la Frontera\",\"isPartOf\":{\"@id\":\"https:\/\/mommertz.health\/es\/#website\"},\"datePublished\":\"2023-01-15T17:25:06+00:00\",\"dateModified\":\"2023-01-15T18:16:37+00:00\",\"description\":\"Buccal fat removal es un procedimiento m\u00e9dico est\u00e9tico dise\u00f1ado para ayudar a adelgazar y rejuvenecer el rostro.\",\"breadcrumb\":{\"@id\":\"https:\/\/mommertz.health\/es\/2023\/01\/15\/buccal-fat-removal\/#breadcrumb\"},\"inLanguage\":\"es\",\"potentialAction\":[{\"@type\":\"ReadAction\",\"target\":[\"https:\/\/mommertz.health\/es\/2023\/01\/15\/buccal-fat-removal\/\"]}]},{\"@type\":\"BreadcrumbList\",\"@id\":\"https:\/\/mommertz.health\/es\/2023\/01\/15\/buccal-fat-removal\/#breadcrumb\",\"itemListElement\":[{\"@type\":\"ListItem\",\"position\":1,\"name\":\"Startseite\",\"item\":\"https:\/\/mommertz.health\/es\/home\/\"},{\"@type\":\"ListItem\",\"position\":2,\"name\":\"Buccal Fat Removal\"}]},{\"@type\":\"WebSite\",\"@id\":\"https:\/\/mommertz.health\/es\/#website\",\"url\":\"https:\/\/mommertz.health\/es\/\",\"name\":\"Mommertz Health - Gesund und sch\u00f6n an der Costa de la Luz\",\"description\":\"Wir bieten Ihnen die passenden Kosmetik- und Gesundheitsbehandlungen f\u00fcr Ihren perfekten Urlaub an der Costa de la Luz\",\"publisher\":{\"@id\":\"https:\/\/mommertz.health\/es\/#organization\"},\"potentialAction\":[{\"@type\":\"SearchAction\",\"target\":{\"@type\":\"EntryPoint\",\"urlTemplate\":\"https:\/\/mommertz.health\/es\/?s={search_term_string}\"},\"query-input\":{\"@type\":\"PropertyValueSpecification\",\"valueRequired\":true,\"valueName\":\"search_term_string\"}}],\"inLanguage\":\"es\"},{\"@type\":\"Organization\",\"@id\":\"https:\/\/mommertz.health\/es\/#organization\",\"name\":\"Dr. Mommertz - Mommertz Health\",\"url\":\"https:\/\/mommertz.health\/es\/\",\"logo\":{\"@type\":\"ImageObject\",\"inLanguage\":\"es\",\"@id\":\"https:\/\/mommertz.health\/es\/#\/schema\/logo\/image\/\",\"url\":\"https:\/\/mommertz.health\/wp-content\/uploads\/2022\/12\/Small.png\",\"contentUrl\":\"https:\/\/mommertz.health\/wp-content\/uploads\/2022\/12\/Small.png\",\"width\":512,\"height\":506,\"caption\":\"Dr. Mommertz - Mommertz Health\"},\"image\":{\"@id\":\"https:\/\/mommertz.health\/es\/#\/schema\/logo\/image\/\"},\"sameAs\":[\"https:\/\/www.facebook.com\/profile.php?id=100088873442215\",\"https:\/\/www.instagram.com\/dr_g_mommertz_beleza_y_salud\/\"]},{\"@type\":\"Person\",\"@id\":\"https:\/\/mommertz.health\/es\/#\/schema\/person\/ff1f1f10f5a721bf3b04d67f9e7dadd8\",\"name\":\"Gottfried Mommertz\",\"image\":{\"@type\":\"ImageObject\",\"inLanguage\":\"es\",\"@id\":\"https:\/\/mommertz.health\/es\/#\/schema\/person\/image\/\",\"url\":\"https:\/\/secure.gravatar.com\/avatar\/dd1ad1dbeb75980edd5e6fd3c3544366431fc3a59a027c780fbd74a1ae180e36?s=96&d=mm&r=g\",\"contentUrl\":\"https:\/\/secure.gravatar.com\/avatar\/dd1ad1dbeb75980edd5e6fd3c3544366431fc3a59a027c780fbd74a1ae180e36?s=96&d=mm&r=g\",\"caption\":\"Gottfried Mommertz\"},\"url\":\"https:\/\/mommertz.health\/es\/author\/dr-mommertz\/\"}]}<\/script>\n<!-- \/ Yoast SEO plugin. -->","yoast_head_json":{"title":"Buccal Fat Removal - Dr. Mommertz Health | Conil de la Frontera","description":"Buccal fat removal es un procedimiento m\u00e9dico est\u00e9tico dise\u00f1ado para ayudar a adelgazar y rejuvenecer el rostro.","robots":{"index":"index","follow":"follow","max-snippet":"max-snippet:-1","max-image-preview":"max-image-preview:large","max-video-preview":"max-video-preview:-1"},"canonical":"https:\/\/mommertz.health\/es\/2023\/01\/15\/buccal-fat-removal\/","og_locale":"es_ES","og_type":"article","og_title":"Buccal Fat Removal - Dr. Mommertz Health | Conil de la Frontera","og_description":"Buccal fat removal es un procedimiento m\u00e9dico est\u00e9tico dise\u00f1ado para ayudar a adelgazar y rejuvenecer el rostro.","og_url":"https:\/\/mommertz.health\/es\/2023\/01\/15\/buccal-fat-removal\/","og_site_name":"Mommertz Health - Gesund und sch\u00f6n an der Costa de la Luz","article_publisher":"https:\/\/www.facebook.com\/profile.php?id=100088873442215","article_published_time":"2023-01-15T17:25:06+00:00","article_modified_time":"2023-01-15T18:16:37+00:00","author":"Gottfried Mommertz","twitter_card":"summary_large_image","twitter_misc":{"Escrito por":"Gottfried Mommertz","Tiempo de lectura":"2 minutos"},"schema":{"@context":"https:\/\/schema.org","@graph":[{"@type":"Article","@id":"https:\/\/mommertz.health\/es\/2023\/01\/15\/buccal-fat-removal\/#article","isPartOf":{"@id":"https:\/\/mommertz.health\/es\/2023\/01\/15\/buccal-fat-removal\/"},"author":{"name":"Gottfried Mommertz","@id":"https:\/\/mommertz.health\/es\/#\/schema\/person\/ff1f1f10f5a721bf3b04d67f9e7dadd8"},"headline":"Buccal Fat Removal","datePublished":"2023-01-15T17:25:06+00:00","dateModified":"2023-01-15T18:16:37+00:00","mainEntityOfPage":{"@id":"https:\/\/mommertz.health\/es\/2023\/01\/15\/buccal-fat-removal\/"},"wordCount":370,"commentCount":0,"publisher":{"@id":"https:\/\/mommertz.health\/es\/#organization"},"articleSection":["\u00c4sthetik","Centro Medico San Sebastian Conil","News von Dr. Mommertz"],"inLanguage":"es","potentialAction":[{"@type":"CommentAction","name":"Comment","target":["https:\/\/mommertz.health\/es\/2023\/01\/15\/buccal-fat-removal\/#respond"]}]},{"@type":"WebPage","@id":"https:\/\/mommertz.health\/es\/2023\/01\/15\/buccal-fat-removal\/","url":"https:\/\/mommertz.health\/es\/2023\/01\/15\/buccal-fat-removal\/","name":"Buccal Fat Removal - Dr. Mommertz Health | Conil de la Frontera","isPartOf":{"@id":"https:\/\/mommertz.health\/es\/#website"},"datePublished":"2023-01-15T17:25:06+00:00","dateModified":"2023-01-15T18:16:37+00:00","description":"Buccal fat removal es un procedimiento m\u00e9dico est\u00e9tico dise\u00f1ado para ayudar a adelgazar y rejuvenecer el rostro.","breadcrumb":{"@id":"https:\/\/mommertz.health\/es\/2023\/01\/15\/buccal-fat-removal\/#breadcrumb"},"inLanguage":"es","potentialAction":[{"@type":"ReadAction","target":["https:\/\/mommertz.health\/es\/2023\/01\/15\/buccal-fat-removal\/"]}]},{"@type":"BreadcrumbList","@id":"https:\/\/mommertz.health\/es\/2023\/01\/15\/buccal-fat-removal\/#breadcrumb","itemListElement":[{"@type":"ListItem","position":1,"name":"Startseite","item":"https:\/\/mommertz.health\/es\/home\/"},{"@type":"ListItem","position":2,"name":"Buccal Fat Removal"}]},{"@type":"WebSite","@id":"https:\/\/mommertz.health\/es\/#website","url":"https:\/\/mommertz.health\/es\/","name":"Mommertz Health - Gesund und sch\u00f6n an der Costa de la Luz","description":"Wir bieten Ihnen die passenden Kosmetik- und Gesundheitsbehandlungen f\u00fcr Ihren perfekten Urlaub an der Costa de la Luz","publisher":{"@id":"https:\/\/mommertz.health\/es\/#organization"},"potentialAction":[{"@type":"SearchAction","target":{"@type":"EntryPoint","urlTemplate":"https:\/\/mommertz.health\/es\/?s={search_term_string}"},"query-input":{"@type":"PropertyValueSpecification","valueRequired":true,"valueName":"search_term_string"}}],"inLanguage":"es"},{"@type":"Organization","@id":"https:\/\/mommertz.health\/es\/#organization","name":"Dr. Mommertz - Mommertz Health","url":"https:\/\/mommertz.health\/es\/","logo":{"@type":"ImageObject","inLanguage":"es","@id":"https:\/\/mommertz.health\/es\/#\/schema\/logo\/image\/","url":"https:\/\/mommertz.health\/wp-content\/uploads\/2022\/12\/Small.png","contentUrl":"https:\/\/mommertz.health\/wp-content\/uploads\/2022\/12\/Small.png","width":512,"height":506,"caption":"Dr. Mommertz - Mommertz Health"},"image":{"@id":"https:\/\/mommertz.health\/es\/#\/schema\/logo\/image\/"},"sameAs":["https:\/\/www.facebook.com\/profile.php?id=100088873442215","https:\/\/www.instagram.com\/dr_g_mommertz_beleza_y_salud\/"]},{"@type":"Person","@id":"https:\/\/mommertz.health\/es\/#\/schema\/person\/ff1f1f10f5a721bf3b04d67f9e7dadd8","name":"Gottfried Mommertz","image":{"@type":"ImageObject","inLanguage":"es","@id":"https:\/\/mommertz.health\/es\/#\/schema\/person\/image\/","url":"https:\/\/secure.gravatar.com\/avatar\/dd1ad1dbeb75980edd5e6fd3c3544366431fc3a59a027c780fbd74a1ae180e36?s=96&d=mm&r=g","contentUrl":"https:\/\/secure.gravatar.com\/avatar\/dd1ad1dbeb75980edd5e6fd3c3544366431fc3a59a027c780fbd74a1ae180e36?s=96&d=mm&r=g","caption":"Gottfried Mommertz"},"url":"https:\/\/mommertz.health\/es\/author\/dr-mommertz\/"}]}},"jetpack_featured_media_url":"","jetpack_sharing_enabled":true,"_links":{"self":[{"href":"https:\/\/mommertz.health\/es\/wp-json\/wp\/v2\/posts\/6249","targetHints":{"allow":["GET"]}}],"collection":[{"href":"https:\/\/mommertz.health\/es\/wp-json\/wp\/v2\/posts"}],"about":[{"href":"https:\/\/mommertz.health\/es\/wp-json\/wp\/v2\/types\/post"}],"author":[{"embeddable":true,"href":"https:\/\/mommertz.health\/es\/wp-json\/wp\/v2\/users\/2"}],"replies":[{"embeddable":true,"href":"https:\/\/mommertz.health\/es\/wp-json\/wp\/v2\/comments?post=6249"}],"version-history":[{"count":2,"href":"https:\/\/mommertz.health\/es\/wp-json\/wp\/v2\/posts\/6249\/revisions"}],"predecessor-version":[{"id":6253,"href":"https:\/\/mommertz.health\/es\/wp-json\/wp\/v2\/posts\/6249\/revisions\/6253"}],"wp:attachment":[{"href":"https:\/\/mommertz.health\/es\/wp-json\/wp\/v2\/media?parent=6249"}],"wp:term":[{"taxonomy":"category","embeddable":true,"href":"https:\/\/mommertz.health\/es\/wp-json\/wp\/v2\/categories?post=6249"},{"taxonomy":"post_tag","embeddable":true,"href":"https:\/\/mommertz.health\/es\/wp-json\/wp\/v2\/tags?post=6249"}],"curies":[{"name":"wp","href":"https:\/\/api.w.org\/{rel}","templated":true}]}}